{"id":3924,"date":"2025-12-21T12:00:58","date_gmt":"2025-12-21T15:00:58","guid":{"rendered":"https:\/\/turismoes.com.br\/portal\/?p=3924"},"modified":"2026-04-27T18:41:33","modified_gmt":"2026-04-27T21:41:33","slug":"feira-cores-sabores-movimenta-o-verao-de-conceicao-da-barra","status":"publish","type":"post","link":"https:\/\/turismoes.com.br\/portal\/?p=3924","title":{"rendered":"Feira Cores &amp; Sabores movimenta o ver\u00e3o de Concei\u00e7\u00e3o da Barra"},"content":{"rendered":"\n<p><\/p>\n\n\n<p>Concei\u00e7\u00e3o da Barra j\u00e1 entra no clima do ver\u00e3o com a prepara\u00e7\u00e3o de mais uma edi\u00e7\u00e3o da Feira Cores &amp; Sabores \u2013 Ver\u00e3o 2026, um dos eventos mais representativos da economia criativa e da identidade cultural do litoral norte capixaba. A iniciativa re\u00fane artesanato, gastronomia, m\u00fasica e manifesta\u00e7\u00f5es culturais em um ambiente que valoriza talentos locais e proporciona experi\u00eancias aut\u00eanticas para moradores e visitantes.<\/p>\n<p>Com inscri\u00e7\u00f5es oficialmente abertas, a feira convida artes\u00e3os, gastr\u00f4nomos, artistas, m\u00fasicos e empreendedores da economia criativa a integrarem essa grande vitrine cultural do ver\u00e3o barrense. O evento se consolida como um espa\u00e7o de encontro entre tradi\u00e7\u00e3o e inova\u00e7\u00e3o, onde produtos autorais, sabores marcantes e express\u00f5es art\u00edsticas refletem a diversidade cultural da cidade.<\/p>\n<p>A Feira Cores &amp; Sabores tem papel fundamental no fortalecimento da economia local, ao incentivar pequenos neg\u00f3cios, promover gera\u00e7\u00e3o de renda e ampliar a visibilidade dos empreendedores criativos. Al\u00e9m disso, contribui diretamente para a dinamiza\u00e7\u00e3o do turismo durante a temporada de ver\u00e3o, per\u00edodo em que Concei\u00e7\u00e3o da Barra recebe visitantes de diferentes regi\u00f5es do Esp\u00edrito Santo e do Brasil.<\/p>\n<p>Quem atua nas \u00e1reas de artesanato, gastronomia, m\u00fasica, atrativos culturais ou economia criativa pode se inscrever por meio do site aderes.es.gov.br\/cbconceicaobarra e concorrer a uma vaga para participar do evento. A proposta \u00e9 reunir iniciativas que dialoguem com a identidade cultural barrense, valorizando saberes, sabores e express\u00f5es art\u00edsticas que fazem parte do cotidiano da cidade.<\/p>\n<p>A Feira Cores &amp; Sabores \u2013 Ver\u00e3o 2026 \u00e9 uma realiza\u00e7\u00e3o da Prefeitura de Concei\u00e7\u00e3o da Barra, com apoio do Sebrae, da Aderes e do Governo do Estado do Esp\u00edrito Santo, refor\u00e7ando o compromisso com o desenvolvimento sustent\u00e1vel, a cultura e o turismo criativo no munic\u00edpio.<\/p>\n<p><strong>Concei\u00e7\u00e3o da Barra<\/strong><\/p>\n<p>Localizada no extremo norte do Esp\u00edrito Santo, Concei\u00e7\u00e3o da Barra \u00e9 um dos destinos mais tradicionais do litoral capixaba. Conhecida por suas praias extensas, pelo encontro do Rio Cricar\u00e9 com o mar e por suas manifesta\u00e7\u00f5es culturais marcantes, a cidade re\u00fane natureza, hist\u00f3ria e identidade em um s\u00f3 lugar.<\/p>\n<p>O munic\u00edpio abriga comunidades quilombolas reconhecidas, como o Quilombo do Sap\u00ea do Norte, e mant\u00e9m vivas tradi\u00e7\u00f5es como o Ticumbi, o Alardo e o Jongo, express\u00f5es culturais que atraem pesquisadores e turistas interessados na cultura popular brasileira. A gastronomia \u00e9 outro destaque, com pratos \u00e0 base de frutos do mar, moquecas, peixes frescos e receitas que carregam influ\u00eancias ind\u00edgenas e africanas.<\/p>\n<p>Durante o ver\u00e3o, Concei\u00e7\u00e3o da Barra se transforma em um polo de eventos culturais, esportivos e gastron\u00f4micos, movimentando a economia local e fortalecendo o turismo regional. A cidade tamb\u00e9m se destaca pelo artesanato, pela m\u00fasica e pela hospitalidade, oferecendo ao visitante uma experi\u00eancia genu\u00edna, marcada por cores, sabores e hist\u00f3rias que fazem parte da ess\u00eancia capixaba.<\/p>","protected":false},"excerpt":{"rendered":"<p>Concei\u00e7\u00e3o da Barra j\u00e1 entra no clima do ver\u00e3o com a prepara\u00e7\u00e3o de mais uma edi\u00e7\u00e3o da Feira Cores &amp; Sabores \u2013 Ver\u00e3o 2026, um dos eventos mais representativos da economia criativa e da identidade cultural do litoral norte capixaba. A iniciativa re\u00fane artesanato, gastronomia, m\u00fasica e manifesta\u00e7\u00f5es culturais em um ambiente que valoriza talentos locais e proporciona experi\u00eancias aut\u00eanticas para moradores e visitantes. Com inscri\u00e7\u00f5es oficialmente abertas, a feira convida artes\u00e3os, gastr\u00f4nomos, artistas, m\u00fasicos e empreendedores da economia criativa a integrarem essa grande vitrine cultural do ver\u00e3o barrense. O evento se consolida como um espa\u00e7o de encontro entre tradi\u00e7\u00e3o e inova\u00e7\u00e3o, onde produtos autorais, sabores marcantes e express\u00f5es art\u00edsticas refletem a diversidade cultural da cidade. A Feira Cores &amp; Sabores tem papel fundamental no fortalecimento da economia local, ao incentivar pequenos neg\u00f3cios, promover gera\u00e7\u00e3o de renda e ampliar a visibilidade dos empreendedores criativos. Al\u00e9m disso, contribui diretamente para a dinamiza\u00e7\u00e3o do turismo durante a temporada de ver\u00e3o, per\u00edodo em que Concei\u00e7\u00e3o da Barra recebe visitantes de diferentes regi\u00f5es do Esp\u00edrito Santo e do Brasil. Quem atua nas \u00e1reas de artesanato, gastronomia, m\u00fasica, atrativos culturais ou economia criativa pode se inscrever por meio do site aderes.es.gov.br\/cbconceicaobarra e concorrer a uma vaga para participar do evento. A proposta \u00e9 reunir iniciativas que dialoguem com a identidade cultural barrense, valorizando saberes, sabores e express\u00f5es art\u00edsticas que fazem parte do cotidiano da cidade. A Feira Cores &amp; Sabores \u2013 Ver\u00e3o 2026 \u00e9 uma realiza\u00e7\u00e3o da Prefeitura de Concei\u00e7\u00e3o da Barra, com apoio do Sebrae, da Aderes e do Governo do Estado do Esp\u00edrito Santo, refor\u00e7ando o compromisso com o desenvolvimento sustent\u00e1vel, a cultura e o turismo criativo no munic\u00edpio. Concei\u00e7\u00e3o da Barra Localizada no extremo norte do Esp\u00edrito Santo, Concei\u00e7\u00e3o da Barra \u00e9 um dos destinos mais tradicionais do litoral capixaba. Conhecida por suas praias extensas, pelo encontro do Rio Cricar\u00e9 com o mar e por suas manifesta\u00e7\u00f5es culturais marcantes, a cidade re\u00fane natureza, hist\u00f3ria e identidade em um s\u00f3 lugar. O munic\u00edpio abriga comunidades quilombolas reconhecidas, como o Quilombo do Sap\u00ea do Norte, e mant\u00e9m vivas tradi\u00e7\u00f5es como o Ticumbi, o Alardo e o Jongo, express\u00f5es culturais que atraem pesquisadores e turistas interessados na cultura popular brasileira. A gastronomia \u00e9 outro destaque, com pratos \u00e0 base de frutos do mar, moquecas, peixes frescos e receitas que carregam influ\u00eancias ind\u00edgenas e africanas. Durante o ver\u00e3o, Concei\u00e7\u00e3o da Barra se transforma em um polo de eventos culturais, esportivos e gastron\u00f4micos, movimentando a economia local e fortalecendo o turismo regional. A cidade tamb\u00e9m se destaca pelo artesanato, pela m\u00fasica e pela hospitalidade, oferecendo ao visitante uma experi\u00eancia genu\u00edna, marcada por cores, sabores e hist\u00f3rias que fazem parte da ess\u00eancia capixaba.<\/p>\n","protected":false},"author":4,"featured_media":3925,"comment_status":"open","ping_status":"open","sticky":false,"template":"","format":"standard","meta":{"_joinchat":[],"footnotes":""},"categories":[17],"tags":[],"class_list":["post-3924","post","type-post","status-publish","format-standard","has-post-thumbnail","hentry","category-noticias-e-informacoes"],"yoast_head":"<!-- This site is optimized with the Yoast SEO plugin v23.1 - https:\/\/yoast.com\/wordpress\/plugins\/seo\/ -->\n<title>Feira Cores &amp; Sabores movimenta o ver\u00e3o de Concei\u00e7\u00e3o da Barra<\/title>\n<meta name=\"description\" content=\"Concei\u00e7\u00e3o da Barra j\u00e1 entra no clima do ver\u00e3o com a prepara\u00e7\u00e3o de mais uma edi\u00e7\u00e3o da Feira Cores &amp; Sabores \u2013 Ver\u00e3o 2026.\" \/>\n<meta name=\"robots\" content=\"index, follow, max-snippet:-1, max-image-preview:large, max-video-preview:-1\" \/>\n<link rel=\"canonical\" href=\"https:\/\/turismoes.com.br\/portal\/?p=3924\" \/>\n<meta property=\"og:locale\" content=\"pt_BR\" \/>\n<meta property=\"og:type\" content=\"article\" \/>\n<meta property=\"og:title\" content=\"Feira Cores &amp; Sabores movimenta o ver\u00e3o de Concei\u00e7\u00e3o da Barra\" \/>\n<meta property=\"og:description\" content=\"Concei\u00e7\u00e3o da Barra j\u00e1 entra no clima do ver\u00e3o com a prepara\u00e7\u00e3o de mais uma edi\u00e7\u00e3o da Feira Cores &amp; Sabores \u2013 Ver\u00e3o 2026.\" \/>\n<meta property=\"og:url\" content=\"https:\/\/turismoes.com.br\/portal\/?p=3924\" \/>\n<meta property=\"og:site_name\" content=\"Turismo ES\" \/>\n<meta property=\"article:published_time\" content=\"2025-12-21T15:00:58+00:00\" \/>\n<meta property=\"article:modified_time\" content=\"2026-04-27T21:41:33+00:00\" \/>\n<meta property=\"og:image\" content=\"https:\/\/turismoes.com.br\/portal\/wp-content\/uploads\/2025\/12\/comida.png?wsr\" \/>\n\t<meta property=\"og:image:width\" content=\"1200\" \/>\n\t<meta property=\"og:image:height\" content=\"600\" \/>\n\t<meta property=\"og:image:type\" content=\"image\/png\" \/>\n<meta name=\"author\" content=\"Dornellas, E.\" \/>\n<meta name=\"twitter:card\" content=\"summary_large_image\" \/>\n<meta name=\"twitter:label1\" content=\"Escrito por\" \/>\n\t<meta name=\"twitter:data1\" content=\"Dornellas, E.\" \/>\n\t<meta name=\"twitter:label2\" content=\"Est. tempo de leitura\" \/>\n\t<meta name=\"twitter:data2\" content=\"3 minutos\" \/>\n<script type=\"application\/ld+json\" class=\"yoast-schema-graph\">{\"@context\":\"https:\/\/schema.org\",\"@graph\":[{\"@type\":\"Article\",\"@id\":\"https:\/\/turismoes.com.br\/portal\/?p=3924#article\",\"isPartOf\":{\"@id\":\"https:\/\/turismoes.com.br\/portal\/?p=3924\"},\"author\":{\"name\":\"Dornellas, E.\",\"@id\":\"https:\/\/turismoes.com.br\/portal\/#\/schema\/person\/55a7c8c51ceaeb901db58374f23cced6\"},\"headline\":\"Feira Cores &amp; Sabores movimenta o ver\u00e3o de Concei\u00e7\u00e3o da Barra\",\"datePublished\":\"2025-12-21T15:00:58+00:00\",\"dateModified\":\"2026-04-27T21:41:33+00:00\",\"mainEntityOfPage\":{\"@id\":\"https:\/\/turismoes.com.br\/portal\/?p=3924\"},\"wordCount\":513,\"commentCount\":0,\"publisher\":{\"@id\":\"https:\/\/turismoes.com.br\/portal\/#organization\"},\"image\":{\"@id\":\"https:\/\/turismoes.com.br\/portal\/?p=3924#primaryimage\"},\"thumbnailUrl\":\"https:\/\/turismoes.com.br\/portal\/wp-content\/uploads\/2025\/12\/comida.png?wsr\",\"articleSection\":[\"Not\u00edcias e Informa\u00e7\u00f5es\"],\"inLanguage\":\"pt-BR\",\"potentialAction\":[{\"@type\":\"CommentAction\",\"name\":\"Comment\",\"target\":[\"https:\/\/turismoes.com.br\/portal\/?p=3924#respond\"]}]},{\"@type\":\"WebPage\",\"@id\":\"https:\/\/turismoes.com.br\/portal\/?p=3924\",\"url\":\"https:\/\/turismoes.com.br\/portal\/?p=3924\",\"name\":\"Feira Cores &amp; Sabores movimenta o ver\u00e3o de Concei\u00e7\u00e3o da Barra\",\"isPartOf\":{\"@id\":\"https:\/\/turismoes.com.br\/portal\/#website\"},\"primaryImageOfPage\":{\"@id\":\"https:\/\/turismoes.com.br\/portal\/?p=3924#primaryimage\"},\"image\":{\"@id\":\"https:\/\/turismoes.com.br\/portal\/?p=3924#primaryimage\"},\"thumbnailUrl\":\"https:\/\/turismoes.com.br\/portal\/wp-content\/uploads\/2025\/12\/comida.png?wsr\",\"datePublished\":\"2025-12-21T15:00:58+00:00\",\"dateModified\":\"2026-04-27T21:41:33+00:00\",\"description\":\"Concei\u00e7\u00e3o da Barra j\u00e1 entra no clima do ver\u00e3o com a prepara\u00e7\u00e3o de mais uma edi\u00e7\u00e3o da Feira Cores & Sabores \u2013 Ver\u00e3o 2026.\",\"breadcrumb\":{\"@id\":\"https:\/\/turismoes.com.br\/portal\/?p=3924#breadcrumb\"},\"inLanguage\":\"pt-BR\",\"potentialAction\":[{\"@type\":\"ReadAction\",\"target\":[\"https:\/\/turismoes.com.br\/portal\/?p=3924\"]}]},{\"@type\":\"ImageObject\",\"inLanguage\":\"pt-BR\",\"@id\":\"https:\/\/turismoes.com.br\/portal\/?p=3924#primaryimage\",\"url\":\"https:\/\/turismoes.com.br\/portal\/wp-content\/uploads\/2025\/12\/comida.png?wsr\",\"contentUrl\":\"https:\/\/turismoes.com.br\/portal\/wp-content\/uploads\/2025\/12\/comida.png?wsr\",\"width\":1200,\"height\":600},{\"@type\":\"BreadcrumbList\",\"@id\":\"https:\/\/turismoes.com.br\/portal\/?p=3924#breadcrumb\",\"itemListElement\":[{\"@type\":\"ListItem\",\"position\":1,\"name\":\"In\u00edcio\",\"item\":\"https:\/\/turismoes.com.br\/portal\/\"},{\"@type\":\"ListItem\",\"position\":2,\"name\":\"Feira Cores &amp; Sabores movimenta o ver\u00e3o de Concei\u00e7\u00e3o da Barra\"}]},{\"@type\":\"WebSite\",\"@id\":\"https:\/\/turismoes.com.br\/portal\/#website\",\"url\":\"https:\/\/turismoes.com.br\/portal\/\",\"name\":\"Turismo ES\",\"description\":\"O seu portal de turismo do Espirito Santo\",\"publisher\":{\"@id\":\"https:\/\/turismoes.com.br\/portal\/#organization\"},\"alternateName\":\"Turismo Esp\u00edrito Santo\",\"potentialAction\":[{\"@type\":\"SearchAction\",\"target\":{\"@type\":\"EntryPoint\",\"urlTemplate\":\"https:\/\/turismoes.com.br\/portal\/?s={search_term_string}\"},\"query-input\":\"required name=search_term_string\"}],\"inLanguage\":\"pt-BR\"},{\"@type\":\"Organization\",\"@id\":\"https:\/\/turismoes.com.br\/portal\/#organization\",\"name\":\"Turismo ES\",\"alternateName\":\"Turismo Esp\u00edrito Santo\",\"url\":\"https:\/\/turismoes.com.br\/portal\/\",\"logo\":{\"@type\":\"ImageObject\",\"inLanguage\":\"pt-BR\",\"@id\":\"https:\/\/turismoes.com.br\/portal\/#\/schema\/logo\/image\/\",\"url\":\"https:\/\/turismoes.com.br\/portal\/wp-content\/uploads\/2024\/01\/logoturismo.png\",\"contentUrl\":\"https:\/\/turismoes.com.br\/portal\/wp-content\/uploads\/2024\/01\/logoturismo.png\",\"width\":511,\"height\":145,\"caption\":\"Turismo ES\"},\"image\":{\"@id\":\"https:\/\/turismoes.com.br\/portal\/#\/schema\/logo\/image\/\"},\"sameAs\":[\"https:\/\/www.instagram.com\/turismoestadoes\/\"]},{\"@type\":\"Person\",\"@id\":\"https:\/\/turismoes.com.br\/portal\/#\/schema\/person\/55a7c8c51ceaeb901db58374f23cced6\",\"name\":\"Dornellas, E.\",\"sameAs\":[\"http:\/\/www.turismoes.com.br\"],\"url\":\"https:\/\/turismoes.com.br\/portal\/?author=4\"}]}<\/script>\n<!-- \/ Yoast SEO plugin. -->","yoast_head_json":{"title":"Feira Cores &amp; Sabores movimenta o ver\u00e3o de Concei\u00e7\u00e3o da Barra","description":"Concei\u00e7\u00e3o da Barra j\u00e1 entra no clima do ver\u00e3o com a prepara\u00e7\u00e3o de mais uma edi\u00e7\u00e3o da Feira Cores & Sabores \u2013 Ver\u00e3o 2026.","robots":{"index":"index","follow":"follow","max-snippet":"max-snippet:-1","max-image-preview":"max-image-preview:large","max-video-preview":"max-video-preview:-1"},"canonical":"https:\/\/turismoes.com.br\/portal\/?p=3924","og_locale":"pt_BR","og_type":"article","og_title":"Feira Cores &amp; Sabores movimenta o ver\u00e3o de Concei\u00e7\u00e3o da Barra","og_description":"Concei\u00e7\u00e3o da Barra j\u00e1 entra no clima do ver\u00e3o com a prepara\u00e7\u00e3o de mais uma edi\u00e7\u00e3o da Feira Cores & Sabores \u2013 Ver\u00e3o 2026.","og_url":"https:\/\/turismoes.com.br\/portal\/?p=3924","og_site_name":"Turismo ES","article_published_time":"2025-12-21T15:00:58+00:00","article_modified_time":"2026-04-27T21:41:33+00:00","og_image":[{"width":1200,"height":600,"url":"https:\/\/turismoes.com.br\/portal\/wp-content\/uploads\/2025\/12\/comida.png?wsr","type":"image\/png"}],"author":"Dornellas, E.","twitter_card":"summary_large_image","twitter_misc":{"Escrito por":"Dornellas, E.","Est. tempo de leitura":"3 minutos"},"schema":{"@context":"https:\/\/schema.org","@graph":[{"@type":"Article","@id":"https:\/\/turismoes.com.br\/portal\/?p=3924#article","isPartOf":{"@id":"https:\/\/turismoes.com.br\/portal\/?p=3924"},"author":{"name":"Dornellas, E.","@id":"https:\/\/turismoes.com.br\/portal\/#\/schema\/person\/55a7c8c51ceaeb901db58374f23cced6"},"headline":"Feira Cores &amp; Sabores movimenta o ver\u00e3o de Concei\u00e7\u00e3o da Barra","datePublished":"2025-12-21T15:00:58+00:00","dateModified":"2026-04-27T21:41:33+00:00","mainEntityOfPage":{"@id":"https:\/\/turismoes.com.br\/portal\/?p=3924"},"wordCount":513,"commentCount":0,"publisher":{"@id":"https:\/\/turismoes.com.br\/portal\/#organization"},"image":{"@id":"https:\/\/turismoes.com.br\/portal\/?p=3924#primaryimage"},"thumbnailUrl":"https:\/\/turismoes.com.br\/portal\/wp-content\/uploads\/2025\/12\/comida.png?wsr","articleSection":["Not\u00edcias e Informa\u00e7\u00f5es"],"inLanguage":"pt-BR","potentialAction":[{"@type":"CommentAction","name":"Comment","target":["https:\/\/turismoes.com.br\/portal\/?p=3924#respond"]}]},{"@type":"WebPage","@id":"https:\/\/turismoes.com.br\/portal\/?p=3924","url":"https:\/\/turismoes.com.br\/portal\/?p=3924","name":"Feira Cores &amp; Sabores movimenta o ver\u00e3o de Concei\u00e7\u00e3o da Barra","isPartOf":{"@id":"https:\/\/turismoes.com.br\/portal\/#website"},"primaryImageOfPage":{"@id":"https:\/\/turismoes.com.br\/portal\/?p=3924#primaryimage"},"image":{"@id":"https:\/\/turismoes.com.br\/portal\/?p=3924#primaryimage"},"thumbnailUrl":"https:\/\/turismoes.com.br\/portal\/wp-content\/uploads\/2025\/12\/comida.png?wsr","datePublished":"2025-12-21T15:00:58+00:00","dateModified":"2026-04-27T21:41:33+00:00","description":"Concei\u00e7\u00e3o da Barra j\u00e1 entra no clima do ver\u00e3o com a prepara\u00e7\u00e3o de mais uma edi\u00e7\u00e3o da Feira Cores & Sabores \u2013 Ver\u00e3o 2026.","breadcrumb":{"@id":"https:\/\/turismoes.com.br\/portal\/?p=3924#breadcrumb"},"inLanguage":"pt-BR","potentialAction":[{"@type":"ReadAction","target":["https:\/\/turismoes.com.br\/portal\/?p=3924"]}]},{"@type":"ImageObject","inLanguage":"pt-BR","@id":"https:\/\/turismoes.com.br\/portal\/?p=3924#primaryimage","url":"https:\/\/turismoes.com.br\/portal\/wp-content\/uploads\/2025\/12\/comida.png?wsr","contentUrl":"https:\/\/turismoes.com.br\/portal\/wp-content\/uploads\/2025\/12\/comida.png?wsr","width":1200,"height":600},{"@type":"BreadcrumbList","@id":"https:\/\/turismoes.com.br\/portal\/?p=3924#breadcrumb","itemListElement":[{"@type":"ListItem","position":1,"name":"In\u00edcio","item":"https:\/\/turismoes.com.br\/portal\/"},{"@type":"ListItem","position":2,"name":"Feira Cores &amp; Sabores movimenta o ver\u00e3o de Concei\u00e7\u00e3o da Barra"}]},{"@type":"WebSite","@id":"https:\/\/turismoes.com.br\/portal\/#website","url":"https:\/\/turismoes.com.br\/portal\/","name":"Turismo ES","description":"O seu portal de turismo do Espirito Santo","publisher":{"@id":"https:\/\/turismoes.com.br\/portal\/#organization"},"alternateName":"Turismo Esp\u00edrito Santo","potentialAction":[{"@type":"SearchAction","target":{"@type":"EntryPoint","urlTemplate":"https:\/\/turismoes.com.br\/portal\/?s={search_term_string}"},"query-input":"required name=search_term_string"}],"inLanguage":"pt-BR"},{"@type":"Organization","@id":"https:\/\/turismoes.com.br\/portal\/#organization","name":"Turismo ES","alternateName":"Turismo Esp\u00edrito Santo","url":"https:\/\/turismoes.com.br\/portal\/","logo":{"@type":"ImageObject","inLanguage":"pt-BR","@id":"https:\/\/turismoes.com.br\/portal\/#\/schema\/logo\/image\/","url":"https:\/\/turismoes.com.br\/portal\/wp-content\/uploads\/2024\/01\/logoturismo.png","contentUrl":"https:\/\/turismoes.com.br\/portal\/wp-content\/uploads\/2024\/01\/logoturismo.png","width":511,"height":145,"caption":"Turismo ES"},"image":{"@id":"https:\/\/turismoes.com.br\/portal\/#\/schema\/logo\/image\/"},"sameAs":["https:\/\/www.instagram.com\/turismoestadoes\/"]},{"@type":"Person","@id":"https:\/\/turismoes.com.br\/portal\/#\/schema\/person\/55a7c8c51ceaeb901db58374f23cced6","name":"Dornellas, E.","sameAs":["http:\/\/www.turismoes.com.br"],"url":"https:\/\/turismoes.com.br\/portal\/?author=4"}]}},"_links":{"self":[{"href":"https:\/\/turismoes.com.br\/portal\/index.php?rest_route=\/wp\/v2\/posts\/3924","targetHints":{"allow":["GET"]}}],"collection":[{"href":"https:\/\/turismoes.com.br\/portal\/index.php?rest_route=\/wp\/v2\/posts"}],"about":[{"href":"https:\/\/turismoes.com.br\/portal\/index.php?rest_route=\/wp\/v2\/types\/post"}],"author":[{"embeddable":true,"href":"https:\/\/turismoes.com.br\/portal\/index.php?rest_route=\/wp\/v2\/users\/4"}],"replies":[{"embeddable":true,"href":"https:\/\/turismoes.com.br\/portal\/index.php?rest_route=%2Fwp%2Fv2%2Fcomments&post=3924"}],"version-history":[{"count":1,"href":"https:\/\/turismoes.com.br\/portal\/index.php?rest_route=\/wp\/v2\/posts\/3924\/revisions"}],"predecessor-version":[{"id":3926,"href":"https:\/\/turismoes.com.br\/portal\/index.php?rest_route=\/wp\/v2\/posts\/3924\/revisions\/3926"}],"wp:featuredmedia":[{"embeddable":true,"href":"https:\/\/turismoes.com.br\/portal\/index.php?rest_route=\/wp\/v2\/media\/3925"}],"wp:attachment":[{"href":"https:\/\/turismoes.com.br\/portal\/index.php?rest_route=%2Fwp%2Fv2%2Fmedia&parent=3924"}],"wp:term":[{"taxonomy":"category","embeddable":true,"href":"https:\/\/turismoes.com.br\/portal\/index.php?rest_route=%2Fwp%2Fv2%2Fcategories&post=3924"},{"taxonomy":"post_tag","embeddable":true,"href":"https:\/\/turismoes.com.br\/portal\/index.php?rest_route=%2Fwp%2Fv2%2Ftags&post=3924"}],"curies":[{"name":"wp","href":"https:\/\/api.w.org\/{rel}","templated":true}]}}